{"id":25780,"date":"2026-08-31T10:37:27","date_gmt":"2026-08-31T08:37:27","guid":{"rendered":"https:\/\/www.erfordia-ultras.de\/blog\/?p=25780"},"modified":"2026-08-31T10:37:28","modified_gmt":"2026-08-31T08:37:28","slug":"freitag-1730-uhr-nicht-mit-uns","status":"publish","type":"post","link":"https:\/\/www.erfordia-ultras.de\/blog\/2026\/08\/freitag-1730-uhr-nicht-mit-uns\/","title":{"rendered":"Freitag 17:30 Uhr &#8211; nicht mit uns!"},"content":{"rendered":"\n<p class=\"wp-block-paragraph\">W\u00e4hrend der Ligaalltag in vollem Gange ist, wirft das kommende Spiel im Th\u00fcringenpokal bereits seine Schatten voraus. Neuerdings sehen wir uns im regionalen Pokalwettbewerb mit einer Ma\u00dfregelung konfrontiert, die wir in dieser Form nur aus den oberen Ligen des deutschen Profifu\u00dfballs gewohnt sind. Zust\u00e4nde, die wir als anma\u00dfend und r\u00fccksichtslos betrachten.<\/p>\n\n\n\n<p class=\"wp-block-paragraph\">Die Ansto\u00dfzeit f\u00fcr das kommende Th\u00fcringenpokalspiel des SV Gr\u00fcn-Wei\u00df Siemerode gegen den FC RWE am Freitag, den 04.09.26, n\u00e4mlich um 17:30 Uhr, wirft in unseren Reihen Fragen auf und st\u00f6\u00dft innerhalb des Kollektivs der SWK auf absoluten Unmut. Nicht nur aufgrund der Tatsache, dass hinsichtlich der Faninteressen eine Ansto\u00dfzeit um 17:30 Uhr mehr als fanfeindlich daherkommt, viel mehr sehen wir die Entscheidungstr\u00e4ger dieser Ansetzung als Verantwortliche einer mehr als untragbaren Entscheidung, die in keinerlei Verh\u00e4ltnis zu den bestehenden Prinzipien eines gesunden Umgangs mit den Interessen aktiver Fu\u00dfballfans steht.<\/p>\n\n\n\n<p class=\"wp-block-paragraph\">Wir verurteilen die willk\u00fcrliche Ansetzung von Ansto\u00dfzeiten seitens des TFVs, appellieren gleichzeitig an die Vereine, sich diesem Zustand im Sinne seiner Anh\u00e4ngerschaft entgegenzustellen und fordern eine Verlegung der Ansto\u00dfzeit auf 19:00 Uhr.<\/p>\n\n\n\n<p class=\"wp-block-paragraph\">Es darf nicht der Fall sein, dass erk\u00e4mpfte Ziele aus den oberen Ligen im Amateurbereich blind \u00fcbergangen und gegen\u00fcber uns Fans untergraben werden. Der Fu\u00dfball lebt von seinen Fans. Es darf nicht der Fall werden, dass organische oder wirtschaftliche Interessen Dritter ma\u00dfgebend f\u00fcr die Platzierung von Ansto\u00dfzeiten zu Lasten der aktiven Fans sind. Wir m\u00f6chten ausdr\u00fccklich betonen, dass wir die fehlende Kompetenz im Sinne einer gesunden Fankultur seitens der Entscheidungstr\u00e4ger nicht nur verurteilen und eine Ansto\u00dfzeit um 17:30 Uhr ablehnen, sondern wir uns weitere Schritte vorbehalten werden, sofern seitens Verband und Vereine keinerlei Ma\u00dfnahmen f\u00fcr eine fanfreundliche Durchf\u00fchrung des Th\u00fcringenpokalspiels in Siemerode ergriffen werden.<\/p>\n\n\n\n<p class=\"wp-block-paragraph\">Steigerwaldkurve im August 2026<\/p>\n\n\n\n<figure class=\"wp-block-image size-full\"><img loading=\"lazy\" decoding=\"async\" width=\"976\" height=\"509\" src=\"https:\/\/www.erfordia-ultras.de\/blog\/wp-content\/uploads\/Spruchband.jpg\" alt=\"\" class=\"wp-image-25781\" srcset=\"https:\/\/www.erfordia-ultras.de\/blog\/wp-content\/uploads\/Spruchband.jpg 976w, https:\/\/www.erfordia-ultras.de\/blog\/wp-content\/uploads\/Spruchband-300x156.jpg 300w, https:\/\/www.erfordia-ultras.de\/blog\/wp-content\/uploads\/Spruchband-768x401.jpg 768w\" sizes=\"auto, (max-width: 976px) 100vw, 976px\" \/><\/figure>\n","protected":false},"excerpt":{"rendered":"<p>W\u00e4hrend der Ligaalltag in vollem Gange ist, wirft das kommende Spiel im Th\u00fcringenpokal bereits seine Schatten voraus. Neuerdings sehen wir uns im regionalen Pokalwettbewerb mit einer Ma\u00dfregelung konfrontiert, die wir in dieser Form nur aus den oberen Ligen des deutschen &hellip; <a href=\"https:\/\/www.erfordia-ultras.de\/blog\/2026\/08\/freitag-1730-uhr-nicht-mit-uns\/\">Weiterlesen <span class=\"meta-nav\">&rarr;<\/span><\/a><\/p>\n","protected":false},"author":7,"featured_media":0,"comment_status":"closed","ping_status":"open","sticky":false,"template":"","format":"standard","meta":{"ngg_post_thumbnail":0,"footnotes":"","_links_to":"","_links_to_target":""},"categories":[1],"tags":[],"class_list":["post-25780","post","type-post","status-publish","format-standard","hentry","category-allgemein"],"aioseo_notices":[],"aioseo_head":"\n\t\t<!-- All in One SEO 4.9.8 - aioseo.com -->\n\t<meta name=\"robots\" content=\"max-image-preview:large\" \/>\n\t<meta name=\"author\" content=\"erik\"\/>\n\t<link rel=\"canonical\" href=\"https:\/\/www.erfordia-ultras.de\/blog\/2026\/08\/freitag-1730-uhr-nicht-mit-uns\/\" \/>\n\t<meta name=\"generator\" content=\"All in One SEO (AIOSEO) 4.9.8\" \/>\n\t\t<meta property=\"og:locale\" content=\"de_DE\" \/>\n\t\t<meta property=\"og:site_name\" content=\"Fanszene-EF.de |\" \/>\n\t\t<meta property=\"og:type\" content=\"article\" \/>\n\t\t<meta property=\"og:title\" content=\"Freitag 17:30 Uhr \u2013 nicht mit uns! | Fanszene-EF.de\" \/>\n\t\t<meta property=\"og:url\" content=\"https:\/\/www.erfordia-ultras.de\/blog\/2026\/08\/freitag-1730-uhr-nicht-mit-uns\/\" \/>\n\t\t<meta property=\"article:published_time\" content=\"2026-08-31T08:37:27+00:00\" \/>\n\t\t<meta property=\"article:modified_time\" content=\"2026-08-31T08:37:28+00:00\" \/>\n\t\t<meta name=\"twitter:card\" content=\"summary\" \/>\n\t\t<meta name=\"twitter:title\" content=\"Freitag 17:30 Uhr \u2013 nicht mit uns! | Fanszene-EF.de\" \/>\n\t\t<script type=\"application\/ld+json\" class=\"aioseo-schema\">\n\t\t\t{\"@context\":\"https:\\\/\\\/schema.org\",\"@graph\":[{\"@type\":\"Article\",\"@id\":\"https:\\\/\\\/www.erfordia-ultras.de\\\/blog\\\/2026\\\/08\\\/freitag-1730-uhr-nicht-mit-uns\\\/#article\",\"name\":\"Freitag 17:30 Uhr \\u2013 nicht mit uns! | Fanszene-EF.de\",\"headline\":\"Freitag 17:30 Uhr &#8211; nicht mit uns!\",\"author\":{\"@id\":\"https:\\\/\\\/www.erfordia-ultras.de\\\/blog\\\/author\\\/erik\\\/#author\"},\"publisher\":{\"@id\":\"https:\\\/\\\/www.erfordia-ultras.de\\\/blog\\\/#organization\"},\"image\":{\"@type\":\"ImageObject\",\"url\":\"https:\\\/\\\/www.erfordia-ultras.de\\\/blog\\\/wp-content\\\/uploads\\\/Spruchband.jpg\",\"@id\":\"https:\\\/\\\/www.erfordia-ultras.de\\\/blog\\\/2026\\\/08\\\/freitag-1730-uhr-nicht-mit-uns\\\/#articleImage\",\"width\":976,\"height\":509},\"datePublished\":\"2026-08-31T10:37:27+02:00\",\"dateModified\":\"2026-08-31T10:37:28+02:00\",\"inLanguage\":\"de-DE\",\"mainEntityOfPage\":{\"@id\":\"https:\\\/\\\/www.erfordia-ultras.de\\\/blog\\\/2026\\\/08\\\/freitag-1730-uhr-nicht-mit-uns\\\/#webpage\"},\"isPartOf\":{\"@id\":\"https:\\\/\\\/www.erfordia-ultras.de\\\/blog\\\/2026\\\/08\\\/freitag-1730-uhr-nicht-mit-uns\\\/#webpage\"},\"articleSection\":\"Allgemein\"},{\"@type\":\"BreadcrumbList\",\"@id\":\"https:\\\/\\\/www.erfordia-ultras.de\\\/blog\\\/2026\\\/08\\\/freitag-1730-uhr-nicht-mit-uns\\\/#breadcrumblist\",\"itemListElement\":[{\"@type\":\"ListItem\",\"@id\":\"https:\\\/\\\/www.erfordia-ultras.de\\\/blog#listItem\",\"position\":1,\"name\":\"Home\",\"item\":\"https:\\\/\\\/www.erfordia-ultras.de\\\/blog\",\"nextItem\":{\"@type\":\"ListItem\",\"@id\":\"https:\\\/\\\/www.erfordia-ultras.de\\\/blog\\\/kategorien\\\/allgemein\\\/#listItem\",\"name\":\"Allgemein\"}},{\"@type\":\"ListItem\",\"@id\":\"https:\\\/\\\/www.erfordia-ultras.de\\\/blog\\\/kategorien\\\/allgemein\\\/#listItem\",\"position\":2,\"name\":\"Allgemein\",\"item\":\"https:\\\/\\\/www.erfordia-ultras.de\\\/blog\\\/kategorien\\\/allgemein\\\/\",\"nextItem\":{\"@type\":\"ListItem\",\"@id\":\"https:\\\/\\\/www.erfordia-ultras.de\\\/blog\\\/2026\\\/08\\\/freitag-1730-uhr-nicht-mit-uns\\\/#listItem\",\"name\":\"Freitag 17:30 Uhr &#8211; nicht mit uns!\"},\"previousItem\":{\"@type\":\"ListItem\",\"@id\":\"https:\\\/\\\/www.erfordia-ultras.de\\\/blog#listItem\",\"name\":\"Home\"}},{\"@type\":\"ListItem\",\"@id\":\"https:\\\/\\\/www.erfordia-ultras.de\\\/blog\\\/2026\\\/08\\\/freitag-1730-uhr-nicht-mit-uns\\\/#listItem\",\"position\":3,\"name\":\"Freitag 17:30 Uhr &#8211; nicht mit uns!\",\"previousItem\":{\"@type\":\"ListItem\",\"@id\":\"https:\\\/\\\/www.erfordia-ultras.de\\\/blog\\\/kategorien\\\/allgemein\\\/#listItem\",\"name\":\"Allgemein\"}}]},{\"@type\":\"Organization\",\"@id\":\"https:\\\/\\\/www.erfordia-ultras.de\\\/blog\\\/#organization\",\"name\":\"Fanszene-EF.de\",\"url\":\"https:\\\/\\\/www.erfordia-ultras.de\\\/blog\\\/\",\"logo\":{\"@type\":\"ImageObject\",\"url\":\"https:\\\/\\\/www.erfordia-ultras.de\\\/blog\\\/wp-content\\\/uploads\\\/EFU-Kopf.pdf\",\"@id\":\"https:\\\/\\\/www.erfordia-ultras.de\\\/blog\\\/2026\\\/08\\\/freitag-1730-uhr-nicht-mit-uns\\\/#organizationLogo\"},\"image\":{\"@id\":\"https:\\\/\\\/www.erfordia-ultras.de\\\/blog\\\/2026\\\/08\\\/freitag-1730-uhr-nicht-mit-uns\\\/#organizationLogo\"}},{\"@type\":\"Person\",\"@id\":\"https:\\\/\\\/www.erfordia-ultras.de\\\/blog\\\/author\\\/erik\\\/#author\",\"url\":\"https:\\\/\\\/www.erfordia-ultras.de\\\/blog\\\/author\\\/erik\\\/\",\"name\":\"erik\",\"image\":{\"@type\":\"ImageObject\",\"@id\":\"https:\\\/\\\/www.erfordia-ultras.de\\\/blog\\\/2026\\\/08\\\/freitag-1730-uhr-nicht-mit-uns\\\/#authorImage\",\"url\":\"https:\\\/\\\/secure.gravatar.com\\\/avatar\\\/bc0213218eb99f7154084b657a2c236aec2f7ad3822b6b4f22c98a1c08d7db0f?s=96&d=mm&r=g\",\"width\":96,\"height\":96,\"caption\":\"erik\"}},{\"@type\":\"WebPage\",\"@id\":\"https:\\\/\\\/www.erfordia-ultras.de\\\/blog\\\/2026\\\/08\\\/freitag-1730-uhr-nicht-mit-uns\\\/#webpage\",\"url\":\"https:\\\/\\\/www.erfordia-ultras.de\\\/blog\\\/2026\\\/08\\\/freitag-1730-uhr-nicht-mit-uns\\\/\",\"name\":\"Freitag 17:30 Uhr \\u2013 nicht mit uns! | Fanszene-EF.de\",\"inLanguage\":\"de-DE\",\"isPartOf\":{\"@id\":\"https:\\\/\\\/www.erfordia-ultras.de\\\/blog\\\/#website\"},\"breadcrumb\":{\"@id\":\"https:\\\/\\\/www.erfordia-ultras.de\\\/blog\\\/2026\\\/08\\\/freitag-1730-uhr-nicht-mit-uns\\\/#breadcrumblist\"},\"author\":{\"@id\":\"https:\\\/\\\/www.erfordia-ultras.de\\\/blog\\\/author\\\/erik\\\/#author\"},\"creator\":{\"@id\":\"https:\\\/\\\/www.erfordia-ultras.de\\\/blog\\\/author\\\/erik\\\/#author\"},\"datePublished\":\"2026-08-31T10:37:27+02:00\",\"dateModified\":\"2026-08-31T10:37:28+02:00\"},{\"@type\":\"WebSite\",\"@id\":\"https:\\\/\\\/www.erfordia-ultras.de\\\/blog\\\/#website\",\"url\":\"https:\\\/\\\/www.erfordia-ultras.de\\\/blog\\\/\",\"name\":\"Fanszene-EF.de |\",\"inLanguage\":\"de-DE\",\"publisher\":{\"@id\":\"https:\\\/\\\/www.erfordia-ultras.de\\\/blog\\\/#organization\"}}]}\n\t\t<\/script>\n\t\t<!-- All in One SEO -->\n\n","aioseo_head_json":{"title":"Freitag 17:30 Uhr \u2013 nicht mit uns! | Fanszene-EF.de","description":"","canonical_url":"https:\/\/www.erfordia-ultras.de\/blog\/2026\/08\/freitag-1730-uhr-nicht-mit-uns\/","robots":"max-image-preview:large","keywords":"","webmasterTools":{"miscellaneous":""},"schema":{"@context":"https:\/\/schema.org","@graph":[{"@type":"Article","@id":"https:\/\/www.erfordia-ultras.de\/blog\/2026\/08\/freitag-1730-uhr-nicht-mit-uns\/#article","name":"Freitag 17:30 Uhr \u2013 nicht mit uns! | Fanszene-EF.de","headline":"Freitag 17:30 Uhr &#8211; nicht mit uns!","author":{"@id":"https:\/\/www.erfordia-ultras.de\/blog\/author\/erik\/#author"},"publisher":{"@id":"https:\/\/www.erfordia-ultras.de\/blog\/#organization"},"image":{"@type":"ImageObject","url":"https:\/\/www.erfordia-ultras.de\/blog\/wp-content\/uploads\/Spruchband.jpg","@id":"https:\/\/www.erfordia-ultras.de\/blog\/2026\/08\/freitag-1730-uhr-nicht-mit-uns\/#articleImage","width":976,"height":509},"datePublished":"2026-08-31T10:37:27+02:00","dateModified":"2026-08-31T10:37:28+02:00","inLanguage":"de-DE","mainEntityOfPage":{"@id":"https:\/\/www.erfordia-ultras.de\/blog\/2026\/08\/freitag-1730-uhr-nicht-mit-uns\/#webpage"},"isPartOf":{"@id":"https:\/\/www.erfordia-ultras.de\/blog\/2026\/08\/freitag-1730-uhr-nicht-mit-uns\/#webpage"},"articleSection":"Allgemein"},{"@type":"BreadcrumbList","@id":"https:\/\/www.erfordia-ultras.de\/blog\/2026\/08\/freitag-1730-uhr-nicht-mit-uns\/#breadcrumblist","itemListElement":[{"@type":"ListItem","@id":"https:\/\/www.erfordia-ultras.de\/blog#listItem","position":1,"name":"Home","item":"https:\/\/www.erfordia-ultras.de\/blog","nextItem":{"@type":"ListItem","@id":"https:\/\/www.erfordia-ultras.de\/blog\/kategorien\/allgemein\/#listItem","name":"Allgemein"}},{"@type":"ListItem","@id":"https:\/\/www.erfordia-ultras.de\/blog\/kategorien\/allgemein\/#listItem","position":2,"name":"Allgemein","item":"https:\/\/www.erfordia-ultras.de\/blog\/kategorien\/allgemein\/","nextItem":{"@type":"ListItem","@id":"https:\/\/www.erfordia-ultras.de\/blog\/2026\/08\/freitag-1730-uhr-nicht-mit-uns\/#listItem","name":"Freitag 17:30 Uhr &#8211; nicht mit uns!"},"previousItem":{"@type":"ListItem","@id":"https:\/\/www.erfordia-ultras.de\/blog#listItem","name":"Home"}},{"@type":"ListItem","@id":"https:\/\/www.erfordia-ultras.de\/blog\/2026\/08\/freitag-1730-uhr-nicht-mit-uns\/#listItem","position":3,"name":"Freitag 17:30 Uhr &#8211; nicht mit uns!","previousItem":{"@type":"ListItem","@id":"https:\/\/www.erfordia-ultras.de\/blog\/kategorien\/allgemein\/#listItem","name":"Allgemein"}}]},{"@type":"Organization","@id":"https:\/\/www.erfordia-ultras.de\/blog\/#organization","name":"Fanszene-EF.de","url":"https:\/\/www.erfordia-ultras.de\/blog\/","logo":{"@type":"ImageObject","url":"https:\/\/www.erfordia-ultras.de\/blog\/wp-content\/uploads\/EFU-Kopf.pdf","@id":"https:\/\/www.erfordia-ultras.de\/blog\/2026\/08\/freitag-1730-uhr-nicht-mit-uns\/#organizationLogo"},"image":{"@id":"https:\/\/www.erfordia-ultras.de\/blog\/2026\/08\/freitag-1730-uhr-nicht-mit-uns\/#organizationLogo"}},{"@type":"Person","@id":"https:\/\/www.erfordia-ultras.de\/blog\/author\/erik\/#author","url":"https:\/\/www.erfordia-ultras.de\/blog\/author\/erik\/","name":"erik","image":{"@type":"ImageObject","@id":"https:\/\/www.erfordia-ultras.de\/blog\/2026\/08\/freitag-1730-uhr-nicht-mit-uns\/#authorImage","url":"https:\/\/secure.gravatar.com\/avatar\/bc0213218eb99f7154084b657a2c236aec2f7ad3822b6b4f22c98a1c08d7db0f?s=96&d=mm&r=g","width":96,"height":96,"caption":"erik"}},{"@type":"WebPage","@id":"https:\/\/www.erfordia-ultras.de\/blog\/2026\/08\/freitag-1730-uhr-nicht-mit-uns\/#webpage","url":"https:\/\/www.erfordia-ultras.de\/blog\/2026\/08\/freitag-1730-uhr-nicht-mit-uns\/","name":"Freitag 17:30 Uhr \u2013 nicht mit uns! | Fanszene-EF.de","inLanguage":"de-DE","isPartOf":{"@id":"https:\/\/www.erfordia-ultras.de\/blog\/#website"},"breadcrumb":{"@id":"https:\/\/www.erfordia-ultras.de\/blog\/2026\/08\/freitag-1730-uhr-nicht-mit-uns\/#breadcrumblist"},"author":{"@id":"https:\/\/www.erfordia-ultras.de\/blog\/author\/erik\/#author"},"creator":{"@id":"https:\/\/www.erfordia-ultras.de\/blog\/author\/erik\/#author"},"datePublished":"2026-08-31T10:37:27+02:00","dateModified":"2026-08-31T10:37:28+02:00"},{"@type":"WebSite","@id":"https:\/\/www.erfordia-ultras.de\/blog\/#website","url":"https:\/\/www.erfordia-ultras.de\/blog\/","name":"Fanszene-EF.de |","inLanguage":"de-DE","publisher":{"@id":"https:\/\/www.erfordia-ultras.de\/blog\/#organization"}}]},"og:locale":"de_DE","og:site_name":"Fanszene-EF.de |","og:type":"article","og:title":"Freitag 17:30 Uhr \u2013 nicht mit uns! | Fanszene-EF.de","og:url":"https:\/\/www.erfordia-ultras.de\/blog\/2026\/08\/freitag-1730-uhr-nicht-mit-uns\/","article:published_time":"2026-08-31T08:37:27+00:00","article:modified_time":"2026-08-31T08:37:28+00:00","twitter:card":"summary","twitter:title":"Freitag 17:30 Uhr \u2013 nicht mit uns! | Fanszene-EF.de"},"aioseo_meta_data":{"post_id":"25780","title":null,"description":null,"keywords":null,"keyphrases":{"focus":{"keyphrase":"","score":0,"analysis":{"keyphraseInTitle":{"score":0,"maxScore":9,"error":1}}},"additional":[]},"primary_term":null,"canonical_url":null,"og_title":null,"og_description":null,"og_object_type":"default","og_image_type":"default","og_image_url":null,"og_image_width":null,"og_image_height":null,"og_image_custom_url":null,"og_image_custom_fields":null,"og_video":"","og_custom_url":null,"og_article_section":null,"og_article_tags":null,"twitter_use_og":false,"twitter_card":"default","twitter_image_type":"default","twitter_image_url":null,"twitter_image_custom_url":null,"twitter_image_custom_fields":null,"twitter_title":null,"twitter_description":null,"schema":{"blockGraphs":[],"customGraphs":[],"default":{"data":{"Article":[],"Course":[],"Dataset":[],"FAQPage":[],"Movie":[],"Person":[],"Product":[],"ProductReview":[],"Car":[],"Recipe":[],"Service":[],"SoftwareApplication":[],"WebPage":[]},"graphName":"Article","isEnabled":true},"graphs":[]},"schema_type":"default","schema_type_options":null,"pillar_content":false,"robots_default":true,"robots_noindex":false,"robots_noarchive":false,"robots_nosnippet":false,"robots_nofollow":false,"robots_noimageindex":false,"robots_noodp":false,"robots_notranslate":false,"robots_max_snippet":"-1","robots_max_videopreview":"-1","robots_max_imagepreview":"large","priority":null,"frequency":"default","local_seo":null,"breadcrumb_settings":null,"limit_modified_date":false,"ai":{"faqs":[],"keyPoints":[],"schemas":[],"titles":[],"descriptions":[],"socialPosts":{"email":[],"linkedin":[],"twitter":[],"facebook":[],"instagram":[]}},"created":"2026-08-31 08:33:05","updated":"2026-08-31 11:46:31","seo_analyzer_scan_date":null},"aioseo_breadcrumb":"<div class=\"aioseo-breadcrumbs\"><span class=\"aioseo-breadcrumb\">\n\t\t\t<a href=\"https:\/\/www.erfordia-ultras.de\/blog\" title=\"Home\">Home<\/a>\n\t\t<\/span><span class=\"aioseo-breadcrumb-separator\">&raquo;<\/span><span class=\"aioseo-breadcrumb\">\n\t\t\t<a href=\"https:\/\/www.erfordia-ultras.de\/blog\/kategorien\/allgemein\/\" title=\"Allgemein\">Allgemein<\/a>\n\t\t<\/span><span class=\"aioseo-breadcrumb-separator\">&raquo;<\/span><span class=\"aioseo-breadcrumb\">\n\t\t\tFreitag 17:30 Uhr \u2013 nicht mit uns!\n\t\t<\/span><\/div>","aioseo_breadcrumb_json":[{"label":"Home","link":"https:\/\/www.erfordia-ultras.de\/blog"},{"label":"Allgemein","link":"https:\/\/www.erfordia-ultras.de\/blog\/kategorien\/allgemein\/"},{"label":"Freitag 17:30 Uhr &#8211; nicht mit uns!","link":"https:\/\/www.erfordia-ultras.de\/blog\/2026\/08\/freitag-1730-uhr-nicht-mit-uns\/"}],"_links":{"self":[{"href":"https:\/\/www.erfordia-ultras.de\/blog\/wp-json\/wp\/v2\/posts\/25780","targetHints":{"allow":["GET"]}}],"collection":[{"href":"https:\/\/www.erfordia-ultras.de\/blog\/wp-json\/wp\/v2\/posts"}],"about":[{"href":"https:\/\/www.erfordia-ultras.de\/blog\/wp-json\/wp\/v2\/types\/post"}],"author":[{"embeddable":true,"href":"https:\/\/www.erfordia-ultras.de\/blog\/wp-json\/wp\/v2\/users\/7"}],"replies":[{"embeddable":true,"href":"https:\/\/www.erfordia-ultras.de\/blog\/wp-json\/wp\/v2\/comments?post=25780"}],"version-history":[{"count":1,"href":"https:\/\/www.erfordia-ultras.de\/blog\/wp-json\/wp\/v2\/posts\/25780\/revisions"}],"predecessor-version":[{"id":25782,"href":"https:\/\/www.erfordia-ultras.de\/blog\/wp-json\/wp\/v2\/posts\/25780\/revisions\/25782"}],"wp:attachment":[{"href":"https:\/\/www.erfordia-ultras.de\/blog\/wp-json\/wp\/v2\/media?parent=25780"}],"wp:term":[{"taxonomy":"category","embeddable":true,"href":"https:\/\/www.erfordia-ultras.de\/blog\/wp-json\/wp\/v2\/categories?post=25780"},{"taxonomy":"post_tag","embeddable":true,"href":"https:\/\/www.erfordia-ultras.de\/blog\/wp-json\/wp\/v2\/tags?post=25780"}],"curies":[{"name":"wp","href":"https:\/\/api.w.org\/{rel}","templated":true}]}}